{"id":176,"date":"2008-03-18T20:05:25","date_gmt":"2008-03-18T20:05:25","guid":{"rendered":"http:\/\/localhost:8888\/wordpress\/?p=176"},"modified":"2008-03-18T20:05:25","modified_gmt":"2008-03-18T20:05:25","slug":"quand-les-enfants-bloguent","status":"publish","type":"post","link":"https:\/\/lire-ecouter-voir.com\/index.php\/2008\/03\/18\/quand-les-enfants-bloguent\/","title":{"rendered":"Quand les enfants bloguent &#8230;"},"content":{"rendered":"<div>\n<h2><span class=\"Apple-style-span\" style=\"font-size: 13px; font-weight: normal;\"><img loading=\"lazy\" decoding=\"async\" class=\"alignleft\" style=\"margin: 5px;\" src=\"http:\/\/img.over-blog.com\/224x313\/1\/08\/40\/00\/IDEES-LECTURE\/couv_mnjb.jpg\" alt=\"couv_mnjb.jpg\" width=\"224\" height=\"313\" \/>Cela doit \u00eatre s\u00fbr\u00a0 tant en terme de s\u00e9curit\u00e9 que du respect des droits &#8230; Parents, enseignants ou m\u00e9diateurs jeunesse, vous ne savez pas comment renseigner et guider vos jeunes internautes ? D\u00e9sormais c&#8217;est possible, gr\u00e2ce au guide con\u00e7u par Astrid de Roquemaurel, &#8220;Mais non je blogue !&#8221;<\/span><\/h2>\n<\/div>\n<div>\n<div>Complet, il r\u00e9pond \u00e0 l&#8217;ensemble des questions que la cr\u00e9ation d&#8217;un blog par un enfant soul\u00e8ve : choix d&#8217;un contenu \u00e9ditorial et de l&#8217;outil, mise \u00e0 jour et \u00e9volution d&#8217;un blog, s\u00e9curit\u00e9 (charte de bonne conduite, questions relatives au droit \u00e0 l&#8217;image des personnes mais \u00e9galement de la propri\u00e9t\u00e9 intellectuelle), communication du blog ainsi que les blogs collaboratifs cr\u00e9\u00e9es dans le cadre d&#8217;une \u00e9cole, d&#8217;une activit\u00e9 associative ou de centres de loisirs.<br \/>\nVous pouvez rencontrer l&#8217;auteur sur le Salon du Livre de Paris, demain mercredi 19 mars, \u00e0 15h30, lors des tables rondes consacr\u00e9es aux &#8220;lectures de dem@in&#8221;.<\/p>\n<p><strong><em>Mais non, je blogue !<\/em><\/strong><br \/>\nAstrid de Roquemaurel<br \/>\nEdition Milan Jeunesse.7.50\u20ac<\/div>\n<\/div>\n<div>\nLe blog officiel :\u00a0<a href=\"http:\/\/www.maisnonjeblogue.com\/\">http:\/\/www.maisnonjeblogue.com<\/a><\/div>\n","protected":false},"excerpt":{"rendered":"<p>Cela doit \u00eatre s\u00fbr\u00a0 tant en terme de s\u00e9curit\u00e9 que du respect des droits &#8230; Parents, enseignants ou m\u00e9diateurs jeunesse, vous ne savez pas comment renseigner et guider vos jeunes internautes ? D\u00e9sormais c&#8217;est possible, gr\u00e2ce au guide con\u00e7u par Astrid de Roquemaurel, &#8220;Mais non je blogue !&#8221; Complet, il r\u00e9pond \u00e0 l&#8217;ensemble des questions que la cr\u00e9ation d&#8217;un blog par un enfant soul\u00e8ve : choix d&#8217;un contenu \u00e9ditorial et de l&#8217;outil, mise \u00e0 jour et \u00e9volution d&#8217;un blog, s\u00e9curit\u00e9 (charte de bonne conduite, questions relatives au droit \u00e0 l&#8217;image des personnes mais \u00e9galement de la propri\u00e9t\u00e9 intellectuelle), communication du blog ainsi que les blogs collaboratifs cr\u00e9\u00e9es dans le cadre d&#8217;une \u00e9cole, d&#8217;une activit\u00e9 associative ou de centres de loisirs. Vous pouvez rencontrer l&#8217;auteur sur le Salon du Livre de Paris, demain mercredi 19 mars, \u00e0 15h30, lors des tables rondes consacr\u00e9es aux &#8220;lectures de dem@in&#8221;. Mais non, je blogue ! Astrid de Roquemaurel Edition Milan Jeunesse.7.50\u20ac Le blog officiel :\u00a0http:\/\/www.maisnonjeblogue.com<\/p>\n","protected":false},"author":1,"featured_media":0,"comment_status":"open","ping_status":"open","sticky":false,"template":"","format":"standard","meta":{"om_disable_all_campaigns":false,"_monsterinsights_skip_tracking":false,"_monsterinsights_sitenote_active":false,"_monsterinsights_sitenote_note":"","_monsterinsights_sitenote_category":0,"_uf_show_specific_survey":0,"_uf_disable_surveys":false,"_jetpack_memberships_contains_paid_content":false,"footnotes":"","jetpack_publicize_message":"","jetpack_publicize_feature_enabled":true,"jetpack_social_post_already_shared":false,"jetpack_social_options":{"image_generator_settings":{"template":"highway","default_image_id":0,"font":"","enabled":false},"version":2}},"categories":[1],"tags":[],"class_list":["post-176","post","type-post","status-publish","format-standard","hentry","category-non-classe"],"aioseo_notices":[],"yoast_head":"<!-- This site is optimized with the Yoast SEO plugin v27.5 - https:\/\/yoast.com\/product\/yoast-seo-wordpress\/ -->\n<title>Quand les enfants bloguent ... - WordPress<\/title>\n<meta name=\"robots\" content=\"index, follow, max-snippet:-1, max-image-preview:large, max-video-preview:-1\" \/>\n<link rel=\"canonical\" href=\"https:\/\/lire-ecouter-voir.com\/index.php\/2008\/03\/18\/quand-les-enfants-bloguent\/\" \/>\n<meta property=\"og:locale\" content=\"en_US\" \/>\n<meta property=\"og:type\" content=\"article\" \/>\n<meta property=\"og:title\" content=\"Quand les enfants bloguent ... - WordPress\" \/>\n<meta property=\"og:description\" content=\"Cela doit \u00eatre s\u00fbr\u00a0 tant en terme de s\u00e9curit\u00e9 que du respect des droits &#8230; Parents, enseignants ou m\u00e9diateurs jeunesse, vous ne savez pas comment renseigner et guider vos jeunes internautes ? D\u00e9sormais c&#8217;est possible, gr\u00e2ce au guide con\u00e7u par Astrid de Roquemaurel, &#8220;Mais non je blogue !&#8221; Complet, il r\u00e9pond \u00e0 l&#8217;ensemble des questions que la cr\u00e9ation d&#8217;un blog par un enfant soul\u00e8ve : choix d&#8217;un contenu \u00e9ditorial et de l&#8217;outil, mise \u00e0 jour et \u00e9volution d&#8217;un blog, s\u00e9curit\u00e9 (charte de bonne conduite, questions relatives au droit \u00e0 l&#8217;image des personnes mais \u00e9galement de la propri\u00e9t\u00e9 intellectuelle), communication du blog ainsi que les blogs collaboratifs cr\u00e9\u00e9es dans le cadre d&#8217;une \u00e9cole, d&#8217;une activit\u00e9 associative ou de centres de loisirs. Vous pouvez rencontrer l&#8217;auteur sur le Salon du Livre de Paris, demain mercredi 19 mars, \u00e0 15h30, lors des tables rondes consacr\u00e9es aux &#8220;lectures de dem@in&#8221;. Mais non, je blogue ! Astrid de Roquemaurel Edition Milan Jeunesse.7.50\u20ac Le blog officiel :\u00a0http:\/\/www.maisnonjeblogue.com\" \/>\n<meta property=\"og:url\" content=\"https:\/\/lire-ecouter-voir.com\/index.php\/2008\/03\/18\/quand-les-enfants-bloguent\/\" \/>\n<meta property=\"og:site_name\" content=\"WordPress\" \/>\n<meta property=\"article:published_time\" content=\"2008-03-18T20:05:25+00:00\" \/>\n<meta property=\"og:image\" content=\"http:\/\/img.over-blog.com\/224x313\/1\/08\/40\/00\/IDEES-LECTURE\/couv_mnjb.jpg\" \/>\n<meta name=\"author\" content=\"Elodie\" \/>\n<meta name=\"twitter:card\" content=\"summary_large_image\" \/>\n<meta name=\"twitter:label1\" content=\"Written by\" \/>\n\t<meta name=\"twitter:data1\" content=\"Elodie\" \/>\n\t<meta name=\"twitter:label2\" content=\"Est. reading time\" \/>\n\t<meta name=\"twitter:data2\" content=\"1 minute\" \/>\n<script type=\"application\/ld+json\" class=\"yoast-schema-graph\">{\"@context\":\"https:\\\/\\\/schema.org\",\"@graph\":[{\"@type\":\"Article\",\"@id\":\"https:\\\/\\\/lire-ecouter-voir.com\\\/index.php\\\/2008\\\/03\\\/18\\\/quand-les-enfants-bloguent\\\/#article\",\"isPartOf\":{\"@id\":\"https:\\\/\\\/lire-ecouter-voir.com\\\/index.php\\\/2008\\\/03\\\/18\\\/quand-les-enfants-bloguent\\\/\"},\"author\":{\"name\":\"Elodie\",\"@id\":\"https:\\\/\\\/lire-ecouter-voir.com\\\/#\\\/schema\\\/person\\\/07aab8ddbfa88a4b3916aa0724d9d1e9\"},\"headline\":\"Quand les enfants bloguent &#8230;\",\"datePublished\":\"2008-03-18T20:05:25+00:00\",\"mainEntityOfPage\":{\"@id\":\"https:\\\/\\\/lire-ecouter-voir.com\\\/index.php\\\/2008\\\/03\\\/18\\\/quand-les-enfants-bloguent\\\/\"},\"wordCount\":172,\"commentCount\":0,\"image\":{\"@id\":\"https:\\\/\\\/lire-ecouter-voir.com\\\/index.php\\\/2008\\\/03\\\/18\\\/quand-les-enfants-bloguent\\\/#primaryimage\"},\"thumbnailUrl\":\"http:\\\/\\\/img.over-blog.com\\\/224x313\\\/1\\\/08\\\/40\\\/00\\\/IDEES-LECTURE\\\/couv_mnjb.jpg\",\"articleSection\":[\"Non class\u00e9\"],\"inLanguage\":\"en-US\",\"potentialAction\":[{\"@type\":\"CommentAction\",\"name\":\"Comment\",\"target\":[\"https:\\\/\\\/lire-ecouter-voir.com\\\/index.php\\\/2008\\\/03\\\/18\\\/quand-les-enfants-bloguent\\\/#respond\"]}]},{\"@type\":\"WebPage\",\"@id\":\"https:\\\/\\\/lire-ecouter-voir.com\\\/index.php\\\/2008\\\/03\\\/18\\\/quand-les-enfants-bloguent\\\/\",\"url\":\"https:\\\/\\\/lire-ecouter-voir.com\\\/index.php\\\/2008\\\/03\\\/18\\\/quand-les-enfants-bloguent\\\/\",\"name\":\"Quand les enfants bloguent ... - WordPress\",\"isPartOf\":{\"@id\":\"https:\\\/\\\/lire-ecouter-voir.com\\\/#website\"},\"primaryImageOfPage\":{\"@id\":\"https:\\\/\\\/lire-ecouter-voir.com\\\/index.php\\\/2008\\\/03\\\/18\\\/quand-les-enfants-bloguent\\\/#primaryimage\"},\"image\":{\"@id\":\"https:\\\/\\\/lire-ecouter-voir.com\\\/index.php\\\/2008\\\/03\\\/18\\\/quand-les-enfants-bloguent\\\/#primaryimage\"},\"thumbnailUrl\":\"http:\\\/\\\/img.over-blog.com\\\/224x313\\\/1\\\/08\\\/40\\\/00\\\/IDEES-LECTURE\\\/couv_mnjb.jpg\",\"datePublished\":\"2008-03-18T20:05:25+00:00\",\"author\":{\"@id\":\"https:\\\/\\\/lire-ecouter-voir.com\\\/#\\\/schema\\\/person\\\/07aab8ddbfa88a4b3916aa0724d9d1e9\"},\"breadcrumb\":{\"@id\":\"https:\\\/\\\/lire-ecouter-voir.com\\\/index.php\\\/2008\\\/03\\\/18\\\/quand-les-enfants-bloguent\\\/#breadcrumb\"},\"inLanguage\":\"en-US\",\"potentialAction\":[{\"@type\":\"ReadAction\",\"target\":[\"https:\\\/\\\/lire-ecouter-voir.com\\\/index.php\\\/2008\\\/03\\\/18\\\/quand-les-enfants-bloguent\\\/\"]}]},{\"@type\":\"ImageObject\",\"inLanguage\":\"en-US\",\"@id\":\"https:\\\/\\\/lire-ecouter-voir.com\\\/index.php\\\/2008\\\/03\\\/18\\\/quand-les-enfants-bloguent\\\/#primaryimage\",\"url\":\"http:\\\/\\\/img.over-blog.com\\\/224x313\\\/1\\\/08\\\/40\\\/00\\\/IDEES-LECTURE\\\/couv_mnjb.jpg\",\"contentUrl\":\"http:\\\/\\\/img.over-blog.com\\\/224x313\\\/1\\\/08\\\/40\\\/00\\\/IDEES-LECTURE\\\/couv_mnjb.jpg\"},{\"@type\":\"BreadcrumbList\",\"@id\":\"https:\\\/\\\/lire-ecouter-voir.com\\\/index.php\\\/2008\\\/03\\\/18\\\/quand-les-enfants-bloguent\\\/#breadcrumb\",\"itemListElement\":[{\"@type\":\"ListItem\",\"position\":1,\"name\":\"Accueil\",\"item\":\"https:\\\/\\\/lire-ecouter-voir.com\\\/\"},{\"@type\":\"ListItem\",\"position\":2,\"name\":\"Quand les enfants bloguent &#8230;\"}]},{\"@type\":\"WebSite\",\"@id\":\"https:\\\/\\\/lire-ecouter-voir.com\\\/#website\",\"url\":\"https:\\\/\\\/lire-ecouter-voir.com\\\/\",\"name\":\"WordPress\",\"description\":\"\",\"potentialAction\":[{\"@type\":\"SearchAction\",\"target\":{\"@type\":\"EntryPoint\",\"urlTemplate\":\"https:\\\/\\\/lire-ecouter-voir.com\\\/?s={search_term_string}\"},\"query-input\":{\"@type\":\"PropertyValueSpecification\",\"valueRequired\":true,\"valueName\":\"search_term_string\"}}],\"inLanguage\":\"en-US\"},{\"@type\":\"Person\",\"@id\":\"https:\\\/\\\/lire-ecouter-voir.com\\\/#\\\/schema\\\/person\\\/07aab8ddbfa88a4b3916aa0724d9d1e9\",\"name\":\"Elodie\",\"image\":{\"@type\":\"ImageObject\",\"inLanguage\":\"en-US\",\"@id\":\"https:\\\/\\\/secure.gravatar.com\\\/avatar\\\/75420ba80faed29b25c4e1f536f0fc7a8a4b19732a189db2db81a738643b1b5f?s=96&d=mm&r=g\",\"url\":\"https:\\\/\\\/secure.gravatar.com\\\/avatar\\\/75420ba80faed29b25c4e1f536f0fc7a8a4b19732a189db2db81a738643b1b5f?s=96&d=mm&r=g\",\"contentUrl\":\"https:\\\/\\\/secure.gravatar.com\\\/avatar\\\/75420ba80faed29b25c4e1f536f0fc7a8a4b19732a189db2db81a738643b1b5f?s=96&d=mm&r=g\",\"caption\":\"Elodie\"},\"sameAs\":[\"http:\\\/\\\/lire-ecouter-voir.com\"],\"url\":\"https:\\\/\\\/lire-ecouter-voir.com\\\/index.php\\\/author\\\/admin8220\\\/\"}]}<\/script>\n<!-- \/ Yoast SEO plugin. -->","yoast_head_json":{"title":"Quand les enfants bloguent ... - WordPress","robots":{"index":"index","follow":"follow","max-snippet":"max-snippet:-1","max-image-preview":"max-image-preview:large","max-video-preview":"max-video-preview:-1"},"canonical":"https:\/\/lire-ecouter-voir.com\/index.php\/2008\/03\/18\/quand-les-enfants-bloguent\/","og_locale":"en_US","og_type":"article","og_title":"Quand les enfants bloguent ... - WordPress","og_description":"Cela doit \u00eatre s\u00fbr\u00a0 tant en terme de s\u00e9curit\u00e9 que du respect des droits &#8230; Parents, enseignants ou m\u00e9diateurs jeunesse, vous ne savez pas comment renseigner et guider vos jeunes internautes ? D\u00e9sormais c&#8217;est possible, gr\u00e2ce au guide con\u00e7u par Astrid de Roquemaurel, &#8220;Mais non je blogue !&#8221; Complet, il r\u00e9pond \u00e0 l&#8217;ensemble des questions que la cr\u00e9ation d&#8217;un blog par un enfant soul\u00e8ve : choix d&#8217;un contenu \u00e9ditorial et de l&#8217;outil, mise \u00e0 jour et \u00e9volution d&#8217;un blog, s\u00e9curit\u00e9 (charte de bonne conduite, questions relatives au droit \u00e0 l&#8217;image des personnes mais \u00e9galement de la propri\u00e9t\u00e9 intellectuelle), communication du blog ainsi que les blogs collaboratifs cr\u00e9\u00e9es dans le cadre d&#8217;une \u00e9cole, d&#8217;une activit\u00e9 associative ou de centres de loisirs. Vous pouvez rencontrer l&#8217;auteur sur le Salon du Livre de Paris, demain mercredi 19 mars, \u00e0 15h30, lors des tables rondes consacr\u00e9es aux &#8220;lectures de dem@in&#8221;. Mais non, je blogue ! Astrid de Roquemaurel Edition Milan Jeunesse.7.50\u20ac Le blog officiel :\u00a0http:\/\/www.maisnonjeblogue.com","og_url":"https:\/\/lire-ecouter-voir.com\/index.php\/2008\/03\/18\/quand-les-enfants-bloguent\/","og_site_name":"WordPress","article_published_time":"2008-03-18T20:05:25+00:00","og_image":[{"url":"http:\/\/img.over-blog.com\/224x313\/1\/08\/40\/00\/IDEES-LECTURE\/couv_mnjb.jpg","type":"","width":"","height":""}],"author":"Elodie","twitter_card":"summary_large_image","twitter_misc":{"Written by":"Elodie","Est. reading time":"1 minute"},"schema":{"@context":"https:\/\/schema.org","@graph":[{"@type":"Article","@id":"https:\/\/lire-ecouter-voir.com\/index.php\/2008\/03\/18\/quand-les-enfants-bloguent\/#article","isPartOf":{"@id":"https:\/\/lire-ecouter-voir.com\/index.php\/2008\/03\/18\/quand-les-enfants-bloguent\/"},"author":{"name":"Elodie","@id":"https:\/\/lire-ecouter-voir.com\/#\/schema\/person\/07aab8ddbfa88a4b3916aa0724d9d1e9"},"headline":"Quand les enfants bloguent &#8230;","datePublished":"2008-03-18T20:05:25+00:00","mainEntityOfPage":{"@id":"https:\/\/lire-ecouter-voir.com\/index.php\/2008\/03\/18\/quand-les-enfants-bloguent\/"},"wordCount":172,"commentCount":0,"image":{"@id":"https:\/\/lire-ecouter-voir.com\/index.php\/2008\/03\/18\/quand-les-enfants-bloguent\/#primaryimage"},"thumbnailUrl":"http:\/\/img.over-blog.com\/224x313\/1\/08\/40\/00\/IDEES-LECTURE\/couv_mnjb.jpg","articleSection":["Non class\u00e9"],"inLanguage":"en-US","potentialAction":[{"@type":"CommentAction","name":"Comment","target":["https:\/\/lire-ecouter-voir.com\/index.php\/2008\/03\/18\/quand-les-enfants-bloguent\/#respond"]}]},{"@type":"WebPage","@id":"https:\/\/lire-ecouter-voir.com\/index.php\/2008\/03\/18\/quand-les-enfants-bloguent\/","url":"https:\/\/lire-ecouter-voir.com\/index.php\/2008\/03\/18\/quand-les-enfants-bloguent\/","name":"Quand les enfants bloguent ... - WordPress","isPartOf":{"@id":"https:\/\/lire-ecouter-voir.com\/#website"},"primaryImageOfPage":{"@id":"https:\/\/lire-ecouter-voir.com\/index.php\/2008\/03\/18\/quand-les-enfants-bloguent\/#primaryimage"},"image":{"@id":"https:\/\/lire-ecouter-voir.com\/index.php\/2008\/03\/18\/quand-les-enfants-bloguent\/#primaryimage"},"thumbnailUrl":"http:\/\/img.over-blog.com\/224x313\/1\/08\/40\/00\/IDEES-LECTURE\/couv_mnjb.jpg","datePublished":"2008-03-18T20:05:25+00:00","author":{"@id":"https:\/\/lire-ecouter-voir.com\/#\/schema\/person\/07aab8ddbfa88a4b3916aa0724d9d1e9"},"breadcrumb":{"@id":"https:\/\/lire-ecouter-voir.com\/index.php\/2008\/03\/18\/quand-les-enfants-bloguent\/#breadcrumb"},"inLanguage":"en-US","potentialAction":[{"@type":"ReadAction","target":["https:\/\/lire-ecouter-voir.com\/index.php\/2008\/03\/18\/quand-les-enfants-bloguent\/"]}]},{"@type":"ImageObject","inLanguage":"en-US","@id":"https:\/\/lire-ecouter-voir.com\/index.php\/2008\/03\/18\/quand-les-enfants-bloguent\/#primaryimage","url":"http:\/\/img.over-blog.com\/224x313\/1\/08\/40\/00\/IDEES-LECTURE\/couv_mnjb.jpg","contentUrl":"http:\/\/img.over-blog.com\/224x313\/1\/08\/40\/00\/IDEES-LECTURE\/couv_mnjb.jpg"},{"@type":"BreadcrumbList","@id":"https:\/\/lire-ecouter-voir.com\/index.php\/2008\/03\/18\/quand-les-enfants-bloguent\/#breadcrumb","itemListElement":[{"@type":"ListItem","position":1,"name":"Accueil","item":"https:\/\/lire-ecouter-voir.com\/"},{"@type":"ListItem","position":2,"name":"Quand les enfants bloguent &#8230;"}]},{"@type":"WebSite","@id":"https:\/\/lire-ecouter-voir.com\/#website","url":"https:\/\/lire-ecouter-voir.com\/","name":"WordPress","description":"","potentialAction":[{"@type":"SearchAction","target":{"@type":"EntryPoint","urlTemplate":"https:\/\/lire-ecouter-voir.com\/?s={search_term_string}"},"query-input":{"@type":"PropertyValueSpecification","valueRequired":true,"valueName":"search_term_string"}}],"inLanguage":"en-US"},{"@type":"Person","@id":"https:\/\/lire-ecouter-voir.com\/#\/schema\/person\/07aab8ddbfa88a4b3916aa0724d9d1e9","name":"Elodie","image":{"@type":"ImageObject","inLanguage":"en-US","@id":"https:\/\/secure.gravatar.com\/avatar\/75420ba80faed29b25c4e1f536f0fc7a8a4b19732a189db2db81a738643b1b5f?s=96&d=mm&r=g","url":"https:\/\/secure.gravatar.com\/avatar\/75420ba80faed29b25c4e1f536f0fc7a8a4b19732a189db2db81a738643b1b5f?s=96&d=mm&r=g","contentUrl":"https:\/\/secure.gravatar.com\/avatar\/75420ba80faed29b25c4e1f536f0fc7a8a4b19732a189db2db81a738643b1b5f?s=96&d=mm&r=g","caption":"Elodie"},"sameAs":["http:\/\/lire-ecouter-voir.com"],"url":"https:\/\/lire-ecouter-voir.com\/index.php\/author\/admin8220\/"}]}},"jetpack_publicize_connections":[],"jetpack_featured_media_url":"","jetpack_sharing_enabled":true,"_links":{"self":[{"href":"https:\/\/lire-ecouter-voir.com\/index.php\/wp-json\/wp\/v2\/posts\/176","targetHints":{"allow":["GET"]}}],"collection":[{"href":"https:\/\/lire-ecouter-voir.com\/index.php\/wp-json\/wp\/v2\/posts"}],"about":[{"href":"https:\/\/lire-ecouter-voir.com\/index.php\/wp-json\/wp\/v2\/types\/post"}],"author":[{"embeddable":true,"href":"https:\/\/lire-ecouter-voir.com\/index.php\/wp-json\/wp\/v2\/users\/1"}],"replies":[{"embeddable":true,"href":"https:\/\/lire-ecouter-voir.com\/index.php\/wp-json\/wp\/v2\/comments?post=176"}],"version-history":[{"count":0,"href":"https:\/\/lire-ecouter-voir.com\/index.php\/wp-json\/wp\/v2\/posts\/176\/revisions"}],"wp:attachment":[{"href":"https:\/\/lire-ecouter-voir.com\/index.php\/wp-json\/wp\/v2\/media?parent=176"}],"wp:term":[{"taxonomy":"category","embeddable":true,"href":"https:\/\/lire-ecouter-voir.com\/index.php\/wp-json\/wp\/v2\/categories?post=176"},{"taxonomy":"post_tag","embeddable":true,"href":"https:\/\/lire-ecouter-voir.com\/index.php\/wp-json\/wp\/v2\/tags?post=176"}],"curies":[{"name":"wp","href":"https:\/\/api.w.org\/{rel}","templated":true}]}}