{"id":783,"date":"2013-08-08T13:49:54","date_gmt":"2013-08-08T13:49:54","guid":{"rendered":"http:\/\/localhost:8888\/wordpress\/?p=783"},"modified":"2013-08-08T13:49:54","modified_gmt":"2013-08-08T13:49:54","slug":"le-tailleur-de-pierre","status":"publish","type":"post","link":"https:\/\/lire-ecouter-voir.com\/index.php\/2013\/08\/08\/le-tailleur-de-pierre\/","title":{"rendered":"Le tailleur de pierre"},"content":{"rendered":"<div>\n<p style=\"text-align: justify;\"><img loading=\"lazy\" decoding=\"async\" class=\"alignleft\" style=\"border: 2px solid black; margin: 5px;\" alt=\"lackberg tailleur de pierre\" src=\"http:\/\/img.over-blog.com\/107x180\/1\/08\/40\/00\/BIBLIOGRAPHIES\/bib2\/lackberg_tailleur-de-pierre.jpg\" width=\"150\" height=\"220\" \/>Ce dernier opus de l&#8217;auteure su\u00e9doise de polars, Camilla L\u00e4ckberg, est tout aussi palpitant que les pr\u00e9c\u00e9dents. Nous y retrouvons \u00e0 nouveau \u00e0 Fj\u00e4llbacka, le couple Erica Falck\/Patrik Hedstr\u00f6m, d\u00e9sormais heureux parents d&#8217;une petite Maja. Quelques mois ont pass\u00e9 depuis que la ville a \u00e9t\u00e9 secou\u00e9e par la pr\u00e9c\u00e9dente vague de meurtres (cf. Le Pr\u00e9dicateur). Cette apparente tranquillit\u00e9 va \u00eatre bouscul\u00e9e par la macabre d\u00e9couverte d&#8217;un marin-p\u00eacheur, qui prend dans ses filets le cadavre d&#8217;une fillette rousse de huit ans : Sara, la fille a\u00een\u00e9e de Charlotte Florin, une amie d&#8217;Erica.<\/p>\n<p style=\"text-align: justify;\"><!--more--><br \/>\nCe drame se r\u00e9v\u00e8le d&#8217;autant plus cruel, lorsqu&#8217;il s&#8217;av\u00e8re que l&#8217;enfant ne s&#8217;est pas noy\u00e9e dans la mer, mais dans un bain, et que de la cendre a p\u00e9n\u00e9tr\u00e9 ses poumons. Qui peut bien vouloir la mort d&#8217;une si jeune enfant ? Et que cache donc cette cendre ? Patrik, pend l&#8217;affaire en main, et ce avec une d\u00e9termination d&#8217;autant plus forte, que ce meurtre bouleverse le jeune papa qu&#8217;il est devenu.<\/p>\n<\/div>\n<div>\n<p style=\"text-align: justify;\">Pas de grandes surprises pour ceux qui connaissent d\u00e9j\u00e0 le &#8220;style&#8221; de Camilla L\u00e4ckberg, qui privil\u00e9gie les r\u00e9cits enchass\u00e9s et les allers-retours dans le temps, mais une intrigue \u00e9toff\u00e9e livrant une galerie de personnages tr\u00e8s vari\u00e9s, avec leur lot de grandeur (beau portrait de Monica, cette maman d&#8217;enfant Asperger) et de petitesse (mesquinerie d\u00e9sesp\u00e9rante entre voisins). Cette nouvelle intrigue se d\u00e9voile au long cours, entre G\u00f6teborg en 1924 et nos jours. Ce va-et-vient nourrit la curiosit\u00e9 du lecteur, qui recherche d\u00e8s lors les liens entre les deux intrigues, ce qui est stimulant mais aussi trop attendu.\u00a0 D&#8217;autres sous-intrigues se joignent au roman et perdent \u00e9galement l&#8217;attention du lecteur, soit par leur inint\u00e9r\u00eat (le fils de Mellberg par exemple), soit par une exploitation malhabile (l&#8217;affaire de p\u00e9dophile qui est aussi vite oubli\u00e9e d\u00e8s que son r\u00f4le de &#8220;diversion&#8221; de l&#8217;intrigue principale est clos). Les personnages \u00e9voluent fort peu d&#8217;un roman \u00e0 l&#8217;autre : Patrik, enqu\u00eateur principal, manque encore d&#8217;\u00e9toffe et de pr\u00e9sence, et ce au d\u00e9triment d&#8217;autres policiers &#8220;bras cass\u00e9s&#8221; et tellement affligeants qu&#8217;ils en sont fort peu cr\u00e9dibles, m\u00eame en mauvais personnages de fiction (Lundgren, Mellberg).\u00a0 A lire pour l&#8217;intrigue &#8230; A surveiller : le prochain opus, qui relancera peut-\u00eatre cette s\u00e9rie, ou y apportera une fin dans mon parcours de lecture.<\/p>\n<p><em>Le Tailleur de pierre.<\/em><br \/>\nCamilla L\u00e4ckberg.<br \/>\nEditions Actes Sud. Collection &#8220;Actes Noirs&#8221;.<br \/>\n487 pages. 23\u20ac.<\/p>\n<p><a title=\"Le blog de Li-An\" href=\"http:\/\/www.lire-ecouter-voir.com\/ext\/http:\/\/www.li-an.fr\/blog\/\" target=\"_blank\" rel=\"noopener\"><strong>A voir !<\/strong><br \/>\n<img loading=\"lazy\" decoding=\"async\" class=\"alignleft\" alt=\"\" src=\"http:\/\/img.over-blog.com\/64x64\/1\/08\/40\/00\/OUTILS-WEBMASTERING\/-ressources-images-png-categories-actions-easymoblog-copie-1.png\" width=\"64\" height=\"64\" \/><\/a><\/p>\n<p>Biographie de\u00a0<a title=\"Camilla L\u00e4ckberg - EVENE\" href=\"http:\/\/www.evene.fr\/celebre\/biographie\/camilla-lackberg-37230.php\" target=\"_blank\" rel=\"noopener\">Camille L\u00e4ckberg<\/a><\/p>\n<p>&nbsp;<\/p>\n<\/div>\n","protected":false},"excerpt":{"rendered":"<p>Ce dernier opus de l&#8217;auteure su\u00e9doise de polars, Camilla L\u00e4ckberg, est tout aussi palpitant que les pr\u00e9c\u00e9dents. Nous y retrouvons \u00e0 nouveau \u00e0 Fj\u00e4llbacka, le couple Erica Falck\/Patrik Hedstr\u00f6m, d\u00e9sormais heureux parents d&#8217;une petite Maja. Quelques mois ont pass\u00e9 depuis que la ville a \u00e9t\u00e9 secou\u00e9e par la pr\u00e9c\u00e9dente vague de meurtres (cf. Le Pr\u00e9dicateur). Cette apparente tranquillit\u00e9 va \u00eatre bouscul\u00e9e par la macabre d\u00e9couverte d&#8217;un marin-p\u00eacheur, qui prend dans ses filets le cadavre d&#8217;une fillette rousse de huit ans : Sara, la fille a\u00een\u00e9e de Charlotte Florin, une amie d&#8217;Erica.<\/p>\n","protected":false},"author":1,"featured_media":0,"comment_status":"open","ping_status":"open","sticky":false,"template":"","format":"standard","meta":{"om_disable_all_campaigns":false,"_monsterinsights_skip_tracking":false,"_monsterinsights_sitenote_active":false,"_monsterinsights_sitenote_note":"","_monsterinsights_sitenote_category":0,"_uf_show_specific_survey":0,"_uf_disable_surveys":false,"_jetpack_memberships_contains_paid_content":false,"footnotes":"","jetpack_publicize_message":"","jetpack_publicize_feature_enabled":true,"jetpack_social_post_already_shared":false,"jetpack_social_options":{"image_generator_settings":{"template":"highway","default_image_id":0,"font":"","enabled":false},"version":2}},"categories":[13,14],"tags":[60,70,80,94,96],"class_list":["post-783","post","type-post","status-publish","format-standard","hentry","category-litterature-scandinave","category-polars-sf","tag-energique","tag-inquietant","tag-noir-cest-noir","tag-sentimental","tag-suspens"],"aioseo_notices":[],"yoast_head":"<!-- This site is optimized with the Yoast SEO plugin v27.5 - https:\/\/yoast.com\/product\/yoast-seo-wordpress\/ -->\n<title>Le tailleur de pierre - WordPress<\/title>\n<meta name=\"robots\" content=\"index, follow, max-snippet:-1, max-image-preview:large, max-video-preview:-1\" \/>\n<link rel=\"canonical\" href=\"https:\/\/lire-ecouter-voir.com\/index.php\/2013\/08\/08\/le-tailleur-de-pierre\/\" \/>\n<meta property=\"og:locale\" content=\"en_US\" \/>\n<meta property=\"og:type\" content=\"article\" \/>\n<meta property=\"og:title\" content=\"Le tailleur de pierre - WordPress\" \/>\n<meta property=\"og:description\" content=\"Ce dernier opus de l&#8217;auteure su\u00e9doise de polars, Camilla L\u00e4ckberg, est tout aussi palpitant que les pr\u00e9c\u00e9dents. Nous y retrouvons \u00e0 nouveau \u00e0 Fj\u00e4llbacka, le couple Erica Falck\/Patrik Hedstr\u00f6m, d\u00e9sormais heureux parents d&#8217;une petite Maja. Quelques mois ont pass\u00e9 depuis que la ville a \u00e9t\u00e9 secou\u00e9e par la pr\u00e9c\u00e9dente vague de meurtres (cf. Le Pr\u00e9dicateur). Cette apparente tranquillit\u00e9 va \u00eatre bouscul\u00e9e par la macabre d\u00e9couverte d&#8217;un marin-p\u00eacheur, qui prend dans ses filets le cadavre d&#8217;une fillette rousse de huit ans : Sara, la fille a\u00een\u00e9e de Charlotte Florin, une amie d&#8217;Erica.\" \/>\n<meta property=\"og:url\" content=\"https:\/\/lire-ecouter-voir.com\/index.php\/2013\/08\/08\/le-tailleur-de-pierre\/\" \/>\n<meta property=\"og:site_name\" content=\"WordPress\" \/>\n<meta property=\"article:published_time\" content=\"2013-08-08T13:49:54+00:00\" \/>\n<meta property=\"og:image\" content=\"http:\/\/img.over-blog.com\/107x180\/1\/08\/40\/00\/BIBLIOGRAPHIES\/bib2\/lackberg_tailleur-de-pierre.jpg\" \/>\n<meta name=\"author\" content=\"Elodie\" \/>\n<meta name=\"twitter:card\" content=\"summary_large_image\" \/>\n<meta name=\"twitter:label1\" content=\"Written by\" \/>\n\t<meta name=\"twitter:data1\" content=\"Elodie\" \/>\n\t<meta name=\"twitter:label2\" content=\"Est. reading time\" \/>\n\t<meta name=\"twitter:data2\" content=\"2 minutes\" \/>\n<script type=\"application\/ld+json\" class=\"yoast-schema-graph\">{\"@context\":\"https:\\\/\\\/schema.org\",\"@graph\":[{\"@type\":\"Article\",\"@id\":\"https:\\\/\\\/lire-ecouter-voir.com\\\/index.php\\\/2013\\\/08\\\/08\\\/le-tailleur-de-pierre\\\/#article\",\"isPartOf\":{\"@id\":\"https:\\\/\\\/lire-ecouter-voir.com\\\/index.php\\\/2013\\\/08\\\/08\\\/le-tailleur-de-pierre\\\/\"},\"author\":{\"name\":\"Elodie\",\"@id\":\"https:\\\/\\\/lire-ecouter-voir.com\\\/#\\\/schema\\\/person\\\/07aab8ddbfa88a4b3916aa0724d9d1e9\"},\"headline\":\"Le tailleur de pierre\",\"datePublished\":\"2013-08-08T13:49:54+00:00\",\"mainEntityOfPage\":{\"@id\":\"https:\\\/\\\/lire-ecouter-voir.com\\\/index.php\\\/2013\\\/08\\\/08\\\/le-tailleur-de-pierre\\\/\"},\"wordCount\":443,\"commentCount\":0,\"image\":{\"@id\":\"https:\\\/\\\/lire-ecouter-voir.com\\\/index.php\\\/2013\\\/08\\\/08\\\/le-tailleur-de-pierre\\\/#primaryimage\"},\"thumbnailUrl\":\"http:\\\/\\\/img.over-blog.com\\\/107x180\\\/1\\\/08\\\/40\\\/00\\\/BIBLIOGRAPHIES\\\/bib2\\\/lackberg_tailleur-de-pierre.jpg\",\"keywords\":[\"\u00e9nergique\",\"inqui\u00e8tant\",\"Noir c'est noir\",\"sentimental\",\"suspens\"],\"articleSection\":[\"Litt\u00e9rature scandinave\",\"Polars &amp; SF\"],\"inLanguage\":\"en-US\",\"potentialAction\":[{\"@type\":\"CommentAction\",\"name\":\"Comment\",\"target\":[\"https:\\\/\\\/lire-ecouter-voir.com\\\/index.php\\\/2013\\\/08\\\/08\\\/le-tailleur-de-pierre\\\/#respond\"]}]},{\"@type\":\"WebPage\",\"@id\":\"https:\\\/\\\/lire-ecouter-voir.com\\\/index.php\\\/2013\\\/08\\\/08\\\/le-tailleur-de-pierre\\\/\",\"url\":\"https:\\\/\\\/lire-ecouter-voir.com\\\/index.php\\\/2013\\\/08\\\/08\\\/le-tailleur-de-pierre\\\/\",\"name\":\"Le tailleur de pierre - WordPress\",\"isPartOf\":{\"@id\":\"https:\\\/\\\/lire-ecouter-voir.com\\\/#website\"},\"primaryImageOfPage\":{\"@id\":\"https:\\\/\\\/lire-ecouter-voir.com\\\/index.php\\\/2013\\\/08\\\/08\\\/le-tailleur-de-pierre\\\/#primaryimage\"},\"image\":{\"@id\":\"https:\\\/\\\/lire-ecouter-voir.com\\\/index.php\\\/2013\\\/08\\\/08\\\/le-tailleur-de-pierre\\\/#primaryimage\"},\"thumbnailUrl\":\"http:\\\/\\\/img.over-blog.com\\\/107x180\\\/1\\\/08\\\/40\\\/00\\\/BIBLIOGRAPHIES\\\/bib2\\\/lackberg_tailleur-de-pierre.jpg\",\"datePublished\":\"2013-08-08T13:49:54+00:00\",\"author\":{\"@id\":\"https:\\\/\\\/lire-ecouter-voir.com\\\/#\\\/schema\\\/person\\\/07aab8ddbfa88a4b3916aa0724d9d1e9\"},\"breadcrumb\":{\"@id\":\"https:\\\/\\\/lire-ecouter-voir.com\\\/index.php\\\/2013\\\/08\\\/08\\\/le-tailleur-de-pierre\\\/#breadcrumb\"},\"inLanguage\":\"en-US\",\"potentialAction\":[{\"@type\":\"ReadAction\",\"target\":[\"https:\\\/\\\/lire-ecouter-voir.com\\\/index.php\\\/2013\\\/08\\\/08\\\/le-tailleur-de-pierre\\\/\"]}]},{\"@type\":\"ImageObject\",\"inLanguage\":\"en-US\",\"@id\":\"https:\\\/\\\/lire-ecouter-voir.com\\\/index.php\\\/2013\\\/08\\\/08\\\/le-tailleur-de-pierre\\\/#primaryimage\",\"url\":\"http:\\\/\\\/img.over-blog.com\\\/107x180\\\/1\\\/08\\\/40\\\/00\\\/BIBLIOGRAPHIES\\\/bib2\\\/lackberg_tailleur-de-pierre.jpg\",\"contentUrl\":\"http:\\\/\\\/img.over-blog.com\\\/107x180\\\/1\\\/08\\\/40\\\/00\\\/BIBLIOGRAPHIES\\\/bib2\\\/lackberg_tailleur-de-pierre.jpg\"},{\"@type\":\"BreadcrumbList\",\"@id\":\"https:\\\/\\\/lire-ecouter-voir.com\\\/index.php\\\/2013\\\/08\\\/08\\\/le-tailleur-de-pierre\\\/#breadcrumb\",\"itemListElement\":[{\"@type\":\"ListItem\",\"position\":1,\"name\":\"Accueil\",\"item\":\"https:\\\/\\\/lire-ecouter-voir.com\\\/\"},{\"@type\":\"ListItem\",\"position\":2,\"name\":\"Le tailleur de pierre\"}]},{\"@type\":\"WebSite\",\"@id\":\"https:\\\/\\\/lire-ecouter-voir.com\\\/#website\",\"url\":\"https:\\\/\\\/lire-ecouter-voir.com\\\/\",\"name\":\"WordPress\",\"description\":\"\",\"potentialAction\":[{\"@type\":\"SearchAction\",\"target\":{\"@type\":\"EntryPoint\",\"urlTemplate\":\"https:\\\/\\\/lire-ecouter-voir.com\\\/?s={search_term_string}\"},\"query-input\":{\"@type\":\"PropertyValueSpecification\",\"valueRequired\":true,\"valueName\":\"search_term_string\"}}],\"inLanguage\":\"en-US\"},{\"@type\":\"Person\",\"@id\":\"https:\\\/\\\/lire-ecouter-voir.com\\\/#\\\/schema\\\/person\\\/07aab8ddbfa88a4b3916aa0724d9d1e9\",\"name\":\"Elodie\",\"image\":{\"@type\":\"ImageObject\",\"inLanguage\":\"en-US\",\"@id\":\"https:\\\/\\\/secure.gravatar.com\\\/avatar\\\/75420ba80faed29b25c4e1f536f0fc7a8a4b19732a189db2db81a738643b1b5f?s=96&d=mm&r=g\",\"url\":\"https:\\\/\\\/secure.gravatar.com\\\/avatar\\\/75420ba80faed29b25c4e1f536f0fc7a8a4b19732a189db2db81a738643b1b5f?s=96&d=mm&r=g\",\"contentUrl\":\"https:\\\/\\\/secure.gravatar.com\\\/avatar\\\/75420ba80faed29b25c4e1f536f0fc7a8a4b19732a189db2db81a738643b1b5f?s=96&d=mm&r=g\",\"caption\":\"Elodie\"},\"sameAs\":[\"http:\\\/\\\/lire-ecouter-voir.com\"],\"url\":\"https:\\\/\\\/lire-ecouter-voir.com\\\/index.php\\\/author\\\/admin8220\\\/\"}]}<\/script>\n<!-- \/ Yoast SEO plugin. -->","yoast_head_json":{"title":"Le tailleur de pierre - WordPress","robots":{"index":"index","follow":"follow","max-snippet":"max-snippet:-1","max-image-preview":"max-image-preview:large","max-video-preview":"max-video-preview:-1"},"canonical":"https:\/\/lire-ecouter-voir.com\/index.php\/2013\/08\/08\/le-tailleur-de-pierre\/","og_locale":"en_US","og_type":"article","og_title":"Le tailleur de pierre - WordPress","og_description":"Ce dernier opus de l&#8217;auteure su\u00e9doise de polars, Camilla L\u00e4ckberg, est tout aussi palpitant que les pr\u00e9c\u00e9dents. Nous y retrouvons \u00e0 nouveau \u00e0 Fj\u00e4llbacka, le couple Erica Falck\/Patrik Hedstr\u00f6m, d\u00e9sormais heureux parents d&#8217;une petite Maja. Quelques mois ont pass\u00e9 depuis que la ville a \u00e9t\u00e9 secou\u00e9e par la pr\u00e9c\u00e9dente vague de meurtres (cf. Le Pr\u00e9dicateur). Cette apparente tranquillit\u00e9 va \u00eatre bouscul\u00e9e par la macabre d\u00e9couverte d&#8217;un marin-p\u00eacheur, qui prend dans ses filets le cadavre d&#8217;une fillette rousse de huit ans : Sara, la fille a\u00een\u00e9e de Charlotte Florin, une amie d&#8217;Erica.","og_url":"https:\/\/lire-ecouter-voir.com\/index.php\/2013\/08\/08\/le-tailleur-de-pierre\/","og_site_name":"WordPress","article_published_time":"2013-08-08T13:49:54+00:00","og_image":[{"url":"http:\/\/img.over-blog.com\/107x180\/1\/08\/40\/00\/BIBLIOGRAPHIES\/bib2\/lackberg_tailleur-de-pierre.jpg","type":"","width":"","height":""}],"author":"Elodie","twitter_card":"summary_large_image","twitter_misc":{"Written by":"Elodie","Est. reading time":"2 minutes"},"schema":{"@context":"https:\/\/schema.org","@graph":[{"@type":"Article","@id":"https:\/\/lire-ecouter-voir.com\/index.php\/2013\/08\/08\/le-tailleur-de-pierre\/#article","isPartOf":{"@id":"https:\/\/lire-ecouter-voir.com\/index.php\/2013\/08\/08\/le-tailleur-de-pierre\/"},"author":{"name":"Elodie","@id":"https:\/\/lire-ecouter-voir.com\/#\/schema\/person\/07aab8ddbfa88a4b3916aa0724d9d1e9"},"headline":"Le tailleur de pierre","datePublished":"2013-08-08T13:49:54+00:00","mainEntityOfPage":{"@id":"https:\/\/lire-ecouter-voir.com\/index.php\/2013\/08\/08\/le-tailleur-de-pierre\/"},"wordCount":443,"commentCount":0,"image":{"@id":"https:\/\/lire-ecouter-voir.com\/index.php\/2013\/08\/08\/le-tailleur-de-pierre\/#primaryimage"},"thumbnailUrl":"http:\/\/img.over-blog.com\/107x180\/1\/08\/40\/00\/BIBLIOGRAPHIES\/bib2\/lackberg_tailleur-de-pierre.jpg","keywords":["\u00e9nergique","inqui\u00e8tant","Noir c'est noir","sentimental","suspens"],"articleSection":["Litt\u00e9rature scandinave","Polars &amp; SF"],"inLanguage":"en-US","potentialAction":[{"@type":"CommentAction","name":"Comment","target":["https:\/\/lire-ecouter-voir.com\/index.php\/2013\/08\/08\/le-tailleur-de-pierre\/#respond"]}]},{"@type":"WebPage","@id":"https:\/\/lire-ecouter-voir.com\/index.php\/2013\/08\/08\/le-tailleur-de-pierre\/","url":"https:\/\/lire-ecouter-voir.com\/index.php\/2013\/08\/08\/le-tailleur-de-pierre\/","name":"Le tailleur de pierre - WordPress","isPartOf":{"@id":"https:\/\/lire-ecouter-voir.com\/#website"},"primaryImageOfPage":{"@id":"https:\/\/lire-ecouter-voir.com\/index.php\/2013\/08\/08\/le-tailleur-de-pierre\/#primaryimage"},"image":{"@id":"https:\/\/lire-ecouter-voir.com\/index.php\/2013\/08\/08\/le-tailleur-de-pierre\/#primaryimage"},"thumbnailUrl":"http:\/\/img.over-blog.com\/107x180\/1\/08\/40\/00\/BIBLIOGRAPHIES\/bib2\/lackberg_tailleur-de-pierre.jpg","datePublished":"2013-08-08T13:49:54+00:00","author":{"@id":"https:\/\/lire-ecouter-voir.com\/#\/schema\/person\/07aab8ddbfa88a4b3916aa0724d9d1e9"},"breadcrumb":{"@id":"https:\/\/lire-ecouter-voir.com\/index.php\/2013\/08\/08\/le-tailleur-de-pierre\/#breadcrumb"},"inLanguage":"en-US","potentialAction":[{"@type":"ReadAction","target":["https:\/\/lire-ecouter-voir.com\/index.php\/2013\/08\/08\/le-tailleur-de-pierre\/"]}]},{"@type":"ImageObject","inLanguage":"en-US","@id":"https:\/\/lire-ecouter-voir.com\/index.php\/2013\/08\/08\/le-tailleur-de-pierre\/#primaryimage","url":"http:\/\/img.over-blog.com\/107x180\/1\/08\/40\/00\/BIBLIOGRAPHIES\/bib2\/lackberg_tailleur-de-pierre.jpg","contentUrl":"http:\/\/img.over-blog.com\/107x180\/1\/08\/40\/00\/BIBLIOGRAPHIES\/bib2\/lackberg_tailleur-de-pierre.jpg"},{"@type":"BreadcrumbList","@id":"https:\/\/lire-ecouter-voir.com\/index.php\/2013\/08\/08\/le-tailleur-de-pierre\/#breadcrumb","itemListElement":[{"@type":"ListItem","position":1,"name":"Accueil","item":"https:\/\/lire-ecouter-voir.com\/"},{"@type":"ListItem","position":2,"name":"Le tailleur de pierre"}]},{"@type":"WebSite","@id":"https:\/\/lire-ecouter-voir.com\/#website","url":"https:\/\/lire-ecouter-voir.com\/","name":"WordPress","description":"","potentialAction":[{"@type":"SearchAction","target":{"@type":"EntryPoint","urlTemplate":"https:\/\/lire-ecouter-voir.com\/?s={search_term_string}"},"query-input":{"@type":"PropertyValueSpecification","valueRequired":true,"valueName":"search_term_string"}}],"inLanguage":"en-US"},{"@type":"Person","@id":"https:\/\/lire-ecouter-voir.com\/#\/schema\/person\/07aab8ddbfa88a4b3916aa0724d9d1e9","name":"Elodie","image":{"@type":"ImageObject","inLanguage":"en-US","@id":"https:\/\/secure.gravatar.com\/avatar\/75420ba80faed29b25c4e1f536f0fc7a8a4b19732a189db2db81a738643b1b5f?s=96&d=mm&r=g","url":"https:\/\/secure.gravatar.com\/avatar\/75420ba80faed29b25c4e1f536f0fc7a8a4b19732a189db2db81a738643b1b5f?s=96&d=mm&r=g","contentUrl":"https:\/\/secure.gravatar.com\/avatar\/75420ba80faed29b25c4e1f536f0fc7a8a4b19732a189db2db81a738643b1b5f?s=96&d=mm&r=g","caption":"Elodie"},"sameAs":["http:\/\/lire-ecouter-voir.com"],"url":"https:\/\/lire-ecouter-voir.com\/index.php\/author\/admin8220\/"}]}},"jetpack_publicize_connections":[],"jetpack_featured_media_url":"","jetpack_sharing_enabled":true,"_links":{"self":[{"href":"https:\/\/lire-ecouter-voir.com\/index.php\/wp-json\/wp\/v2\/posts\/783","targetHints":{"allow":["GET"]}}],"collection":[{"href":"https:\/\/lire-ecouter-voir.com\/index.php\/wp-json\/wp\/v2\/posts"}],"about":[{"href":"https:\/\/lire-ecouter-voir.com\/index.php\/wp-json\/wp\/v2\/types\/post"}],"author":[{"embeddable":true,"href":"https:\/\/lire-ecouter-voir.com\/index.php\/wp-json\/wp\/v2\/users\/1"}],"replies":[{"embeddable":true,"href":"https:\/\/lire-ecouter-voir.com\/index.php\/wp-json\/wp\/v2\/comments?post=783"}],"version-history":[{"count":0,"href":"https:\/\/lire-ecouter-voir.com\/index.php\/wp-json\/wp\/v2\/posts\/783\/revisions"}],"wp:attachment":[{"href":"https:\/\/lire-ecouter-voir.com\/index.php\/wp-json\/wp\/v2\/media?parent=783"}],"wp:term":[{"taxonomy":"category","embeddable":true,"href":"https:\/\/lire-ecouter-voir.com\/index.php\/wp-json\/wp\/v2\/categories?post=783"},{"taxonomy":"post_tag","embeddable":true,"href":"https:\/\/lire-ecouter-voir.com\/index.php\/wp-json\/wp\/v2\/tags?post=783"}],"curies":[{"name":"wp","href":"https:\/\/api.w.org\/{rel}","templated":true}]}}