{"id":904,"date":"2011-11-23T19:59:00","date_gmt":"2011-11-23T19:59:00","guid":{"rendered":"http:\/\/12f46ef3988a60dc27f76201f17caeb7"},"modified":"2011-11-23T19:59:00","modified_gmt":"2011-11-23T19:59:00","slug":"grosse-faim-et-grosse-colere","status":"publish","type":"post","link":"https:\/\/lire-ecouter-voir.com\/index.php\/2011\/11\/23\/grosse-faim-et-grosse-colere\/","title":{"rendered":"Grosse faim et grosse col\u00e8re !"},"content":{"rendered":"<p style=\"text-align: justify;\">\n<img decoding=\"async\" class=\"GcheTexte alignleft\" style=\"border: 0px solid #000000; margin: 5px 5px;\" src=\"http:\/\/img.over-blog.com\/180x225\/1\/08\/40\/00\/BIBLIOGRAPHIES\/bib2\/GROSSE-COLERE.gif\" alt=\"GROSSE-COLERE.gif\" width=\"180\" height=\"&lt;br\" \/>Robert rentre fort f\u00e2ch\u00e9, pourquoi ? On ne sait pas, il a pass\u00e9 une tr\u00e8s mauvaise journ\u00e9e. Lorsque son papa lui demande de retirer ses baskets, puis \u00e0 table de manger ses<br \/>\n\u00e9pinards, c&#8217;en est trop ! Robert r\u00e9pond \u00e0 une derni\u00e8re fois \u00e0 son p\u00e8re avant d&#8217;\u00eatre consign\u00e9 dans sa chambre. Alors, il sent monter en lui une chose plus forte que lui, une chose \u00e9norme qui le<br \/>\nd\u00e9passe. Robert est en col\u00e8re pour la premi\u00e8re fois ! Comment va-t-il arriver \u00e0 la dompter ?<\/p>\n<p style=\"text-align: justify;\">Cet petit album de Mireille d&#8217;Allanc\u00e9 propose un premier regard juste et sans jugement sur cette \u00e9motion tr\u00e8s forte qui peut \u00eatre \u00e9galement tr\u00e8s violente chez l&#8217;enfant. De ses pr\u00e9mices aux<br \/>\ndiff\u00e9rents sentiments qui se m\u00ealent apr\u00e8s la col\u00e8re, cette courte histoire fait comprendre aux plus petits que cette \u00e9motion naturelle peu devenir rage et n\u00e9cessite d&#8217;\u00eatre contr\u00f4l\u00e9e. Les pastels<br \/>\nrenforcent le mouvement et l&#8217;\u00e9lan de la col\u00e8re, alors le texte court donne la rapidit\u00e9 des s\u00e9quences.<\/p>\n<p>Une belle r\u00e9ussite tant du point de vue de l&#8217;histoire que pour sa vertu p\u00e9dagogique !<\/p>\n<p>Mireille d&#8217;Allanc\u00e9\u00a0aime &#8220;les histoires simples, puis\u00e9es dans notre quotidien le plus ordinaire.\u00a0J\u2019aime quand d\u00e9raille cet ordinaire:\u00a0je pose un grain sur les rails, assez petit pour ne pas attirer l\u2019attention, mais assez cons\u00e9quent pour que l\u2019ordinaire bascule et se d\u00e9verse autrement.&#8221;<\/p>\n<p><img loading=\"lazy\" decoding=\"async\" class=\"alignleft\" src=\"http:\/\/img.over-blog.com\/180x184\/1\/08\/40\/00\/BIBLIOGRAPHIES\/bib2\/grossefaim.png\" alt=\"grossefaim.png\" width=\"180\" height=\"184\" \/>Autre univers cette fois avec P&#8217;tit Bonhomme et son papa, Pierre Delye, conteur\u00a0transfuge d&#8217;Henri Gougaudet auteur jeunesse aux \u00e9ditions Didier jeunesse et Rue du Monde. P&#8217;tit Bonhomme a une grosse faim, mais pas un sou dans sa besace ! C&#8217;est bien contrariant &#8230; Aussi sur les conseils du boulanger, il va voir le meunier pour lui demander de la farine. Mais lui non plus ne travaille pas gratuitement ! Cependant, il pourrait lui donner de la farine, si P&#8217;tit Bonhomme lui ramener des grains de bl\u00e9 &#8230; Mais le paysan ne pourra ne lui en donner que si P&#8217;tit Bonhomme lui apporte du crottin &#8230; Ainsi P&#8217;tit Bonhomme va devoir remonter tout une cha\u00eene pour enfin satisfaire sa grosse faim avec un bon pain !<\/p>\n<p>Une dr\u00f4le d&#8217;histoire attachante qui montre aux enfants tous les secrets cach\u00e9s d&#8217;un bon pain et .. du travail ! Car si P&#8217;tit Bonhomme ne gagne pas de l&#8217;argent pour acqu\u00e9rir ce pain tant attendu, il doit rentrer dans un syst\u00e8me d&#8217;\u00e9change qui lui\u00a0 fera gagner son pain. Un album plein de gaiet\u00e9, de dynamisme et d&#8217;humour, non d\u00e9nu\u00e9 de po\u00e9sie et de musicalit\u00e9. Un bel album illustr\u00e9 par C\u00e9cile Hudrisier.<\/p>\n<p><strong>A voir !<\/strong><\/p>\n<p><img loading=\"lazy\" decoding=\"async\" class=\"alignleft\" src=\"http:\/\/img.over-blog.com\/64x64\/1\/08\/40\/00\/OUTILS-WEBMASTERING\/-ressources-images-png-categories-actions-easymoblog-copie-1.png\" alt=\"\" width=\"64\" height=\"64\" \/><\/p>\n<p><a href=\"http:\/\/mireilledallance.com\/\" target=\"_blank\" rel=\"noopener\">http:\/\/mireilledallance.com\/<\/a><br \/>\n<a href=\"http:\/\/www.ecoledesloisirs.fr\/index1.htm\" target=\"_blank\" rel=\"noopener\">http:\/\/www.ecoledesloisirs.fr<\/a><br \/>\n<a href=\"http:\/\/www.clair-de-lune.net\/delye\/\" target=\"_blank\" rel=\"noopener\">http:\/\/www.clair-de-lune.net\/delye\/<\/a><br \/>\n<a href=\"http:\/\/www.didierjeunesse.com\/\" target=\"_blank\" rel=\"noopener\">http:\/\/www.didierjeunesse.com\/<\/a><br \/>\n<a href=\"http:\/\/www.ruedumonde.fr\/\" target=\"_blank\" rel=\"noopener\">http:\/\/www.ruedumonde.fr\/<\/a><\/p>\n<p><em><strong>Grosse col\u00e8re.<\/strong><\/em><br \/>\nMireille d&#8217;Allanc\u00e9.<br \/>\nEcole des loisirs.<br \/>\n26 pages. 11\u20ac. ISBN : 2-211-05771-3<\/p>\n<p><strong><em>La grosse faim de P&#8217;tit Bonhomme<\/em><\/strong><br \/>\nPierre Delye. C\u00e9cile Hudrisier.<br \/>\nEditions Didier Jeunesse.<br \/>\n30 pages. 11,90\u20ac. ISBN : 2-278-05470-8<\/p>\n","protected":false},"excerpt":{"rendered":"<p>Robert rentre fort f\u00e2ch\u00e9, pourquoi ? On ne sait pas, il a pass\u00e9 une tr\u00e8s mauvaise journ\u00e9e. Lorsque son papa lui demande de retirer ses baskets, puis \u00e0 table de manger ses \u00e9pinards, c&#8217;en est trop ! Robert r\u00e9pond \u00e0 une derni\u00e8re fois \u00e0 son p\u00e8re avant d&#8217;\u00eatre consign\u00e9 dans sa chambre. Alors, il sent monter en lui une chose plus forte que lui, une chose \u00e9norme qui le d\u00e9passe. Robert est en col\u00e8re pour la premi\u00e8re fois ! Comment va-t-il arriver \u00e0 la dompter ? Cet petit album de Mireille d&#8217;Allanc\u00e9 propose un premier regard juste et sans jugement sur cette \u00e9motion tr\u00e8s forte qui peut \u00eatre \u00e9galement tr\u00e8s violente chez l&#8217;enfant. De ses pr\u00e9mices aux diff\u00e9rents sentiments qui se m\u00ealent apr\u00e8s la col\u00e8re, cette courte histoire fait comprendre aux plus petits que cette \u00e9motion naturelle peu devenir rage et n\u00e9cessite d&#8217;\u00eatre contr\u00f4l\u00e9e. Les pastels renforcent le mouvement et l&#8217;\u00e9lan de la col\u00e8re, alors le texte court donne la rapidit\u00e9 des s\u00e9quences. Une belle r\u00e9ussite tant du point de vue de l&#8217;histoire que pour sa vertu p\u00e9dagogique ! Mireille d&#8217;Allanc\u00e9\u00a0aime &#8220;les histoires simples, puis\u00e9es dans notre quotidien le plus ordinaire.\u00a0J\u2019aime quand d\u00e9raille cet ordinaire:\u00a0je pose un grain sur les rails, assez petit pour ne pas attirer l\u2019attention, mais assez cons\u00e9quent pour que l\u2019ordinaire bascule et se d\u00e9verse autrement.&#8221; Autre univers cette fois avec P&#8217;tit Bonhomme et son papa, Pierre Delye, conteur\u00a0transfuge d&#8217;Henri Gougaudet auteur jeunesse aux \u00e9ditions Didier jeunesse et Rue du Monde. P&#8217;tit Bonhomme a une grosse faim, mais pas un sou dans sa besace ! C&#8217;est bien contrariant &#8230; Aussi sur les conseils du boulanger, il va voir le meunier pour lui demander de la farine. Mais lui non plus ne travaille pas gratuitement ! Cependant, il pourrait lui donner de la farine, si P&#8217;tit Bonhomme lui ramener des grains de bl\u00e9 &#8230; Mais le paysan ne pourra ne lui en donner que si P&#8217;tit Bonhomme lui apporte du crottin &#8230; Ainsi P&#8217;tit Bonhomme va devoir remonter tout une cha\u00eene pour enfin satisfaire sa grosse faim avec un bon pain ! Une dr\u00f4le d&#8217;histoire attachante qui montre aux enfants tous les secrets cach\u00e9s d&#8217;un bon pain et .. du travail ! Car si P&#8217;tit Bonhomme ne gagne pas de l&#8217;argent pour acqu\u00e9rir ce pain tant attendu, il doit rentrer dans un syst\u00e8me d&#8217;\u00e9change qui lui\u00a0 fera gagner son pain. Un album plein de gaiet\u00e9, de dynamisme et d&#8217;humour, non d\u00e9nu\u00e9 de po\u00e9sie et de musicalit\u00e9. Un bel album illustr\u00e9 par C\u00e9cile Hudrisier. A voir ! http:\/\/mireilledallance.com\/ http:\/\/www.ecoledesloisirs.fr http:\/\/www.clair-de-lune.net\/delye\/ http:\/\/www.didierjeunesse.com\/ http:\/\/www.ruedumonde.fr\/ Grosse col\u00e8re. Mireille d&#8217;Allanc\u00e9. Ecole des loisirs. 26 pages. 11\u20ac. ISBN : 2-211-05771-3 La grosse faim de P&#8217;tit Bonhomme Pierre Delye. C\u00e9cile Hudrisier. Editions Didier Jeunesse. 30 pages. 11,90\u20ac. ISBN : 2-278-05470-8<\/p>\n","protected":false},"author":1,"featured_media":705,"comment_status":"open","ping_status":"open","sticky":false,"template":"","format":"standard","meta":{"om_disable_all_campaigns":false,"_monsterinsights_skip_tracking":false,"_monsterinsights_sitenote_active":false,"_monsterinsights_sitenote_note":"","_monsterinsights_sitenote_category":0,"_uf_show_specific_survey":0,"_uf_disable_surveys":false,"_jetpack_memberships_contains_paid_content":false,"footnotes":"","jetpack_publicize_message":"","jetpack_publicize_feature_enabled":true,"jetpack_social_post_already_shared":false,"jetpack_social_options":{"image_generator_settings":{"template":"highway","default_image_id":0,"font":"","enabled":false},"version":2}},"categories":[22],"tags":[],"class_list":["post-904","post","type-post","status-publish","format-standard","has-post-thumbnail","hentry","category-albums-jeunesse"],"aioseo_notices":[],"yoast_head":"<!-- This site is optimized with the Yoast SEO plugin v27.5 - https:\/\/yoast.com\/product\/yoast-seo-wordpress\/ -->\n<title>Grosse faim et grosse col\u00e8re ! - WordPress<\/title>\n<meta name=\"robots\" content=\"index, follow, max-snippet:-1, max-image-preview:large, max-video-preview:-1\" \/>\n<link rel=\"canonical\" href=\"https:\/\/lire-ecouter-voir.com\/index.php\/2011\/11\/23\/grosse-faim-et-grosse-colere\/\" \/>\n<meta property=\"og:locale\" content=\"en_US\" \/>\n<meta property=\"og:type\" content=\"article\" \/>\n<meta property=\"og:title\" content=\"Grosse faim et grosse col\u00e8re ! - WordPress\" \/>\n<meta property=\"og:description\" content=\"Robert rentre fort f\u00e2ch\u00e9, pourquoi ? On ne sait pas, il a pass\u00e9 une tr\u00e8s mauvaise journ\u00e9e. Lorsque son papa lui demande de retirer ses baskets, puis \u00e0 table de manger ses \u00e9pinards, c&#8217;en est trop ! Robert r\u00e9pond \u00e0 une derni\u00e8re fois \u00e0 son p\u00e8re avant d&#8217;\u00eatre consign\u00e9 dans sa chambre. Alors, il sent monter en lui une chose plus forte que lui, une chose \u00e9norme qui le d\u00e9passe. Robert est en col\u00e8re pour la premi\u00e8re fois ! Comment va-t-il arriver \u00e0 la dompter ? Cet petit album de Mireille d&#8217;Allanc\u00e9 propose un premier regard juste et sans jugement sur cette \u00e9motion tr\u00e8s forte qui peut \u00eatre \u00e9galement tr\u00e8s violente chez l&#8217;enfant. De ses pr\u00e9mices aux diff\u00e9rents sentiments qui se m\u00ealent apr\u00e8s la col\u00e8re, cette courte histoire fait comprendre aux plus petits que cette \u00e9motion naturelle peu devenir rage et n\u00e9cessite d&#8217;\u00eatre contr\u00f4l\u00e9e. Les pastels renforcent le mouvement et l&#8217;\u00e9lan de la col\u00e8re, alors le texte court donne la rapidit\u00e9 des s\u00e9quences. Une belle r\u00e9ussite tant du point de vue de l&#8217;histoire que pour sa vertu p\u00e9dagogique ! Mireille d&#8217;Allanc\u00e9\u00a0aime &#8220;les histoires simples, puis\u00e9es dans notre quotidien le plus ordinaire.\u00a0J\u2019aime quand d\u00e9raille cet ordinaire:\u00a0je pose un grain sur les rails, assez petit pour ne pas attirer l\u2019attention, mais assez cons\u00e9quent pour que l\u2019ordinaire bascule et se d\u00e9verse autrement.&#8221; Autre univers cette fois avec P&#8217;tit Bonhomme et son papa, Pierre Delye, conteur\u00a0transfuge d&#8217;Henri Gougaudet auteur jeunesse aux \u00e9ditions Didier jeunesse et Rue du Monde. P&#8217;tit Bonhomme a une grosse faim, mais pas un sou dans sa besace ! C&#8217;est bien contrariant &#8230; Aussi sur les conseils du boulanger, il va voir le meunier pour lui demander de la farine. Mais lui non plus ne travaille pas gratuitement ! Cependant, il pourrait lui donner de la farine, si P&#8217;tit Bonhomme lui ramener des grains de bl\u00e9 &#8230; Mais le paysan ne pourra ne lui en donner que si P&#8217;tit Bonhomme lui apporte du crottin &#8230; Ainsi P&#8217;tit Bonhomme va devoir remonter tout une cha\u00eene pour enfin satisfaire sa grosse faim avec un bon pain ! Une dr\u00f4le d&#8217;histoire attachante qui montre aux enfants tous les secrets cach\u00e9s d&#8217;un bon pain et .. du travail ! Car si P&#8217;tit Bonhomme ne gagne pas de l&#8217;argent pour acqu\u00e9rir ce pain tant attendu, il doit rentrer dans un syst\u00e8me d&#8217;\u00e9change qui lui\u00a0 fera gagner son pain. Un album plein de gaiet\u00e9, de dynamisme et d&#8217;humour, non d\u00e9nu\u00e9 de po\u00e9sie et de musicalit\u00e9. Un bel album illustr\u00e9 par C\u00e9cile Hudrisier. A voir ! http:\/\/mireilledallance.com\/ http:\/\/www.ecoledesloisirs.fr http:\/\/www.clair-de-lune.net\/delye\/ http:\/\/www.didierjeunesse.com\/ http:\/\/www.ruedumonde.fr\/ Grosse col\u00e8re. Mireille d&#8217;Allanc\u00e9. Ecole des loisirs. 26 pages. 11\u20ac. ISBN : 2-211-05771-3 La grosse faim de P&#8217;tit Bonhomme Pierre Delye. C\u00e9cile Hudrisier. Editions Didier Jeunesse. 30 pages. 11,90\u20ac. ISBN : 2-278-05470-8\" \/>\n<meta property=\"og:url\" content=\"https:\/\/lire-ecouter-voir.com\/index.php\/2011\/11\/23\/grosse-faim-et-grosse-colere\/\" \/>\n<meta property=\"og:site_name\" content=\"WordPress\" \/>\n<meta property=\"article:published_time\" content=\"2011-11-23T19:59:00+00:00\" \/>\n<meta property=\"og:image\" content=\"http:\/\/img.over-blog.com\/180x225\/1\/08\/40\/00\/BIBLIOGRAPHIES\/bib2\/GROSSE-COLERE.gif\" \/>\n<meta name=\"author\" content=\"Elodie\" \/>\n<meta name=\"twitter:card\" content=\"summary_large_image\" \/>\n<meta name=\"twitter:label1\" content=\"Written by\" \/>\n\t<meta name=\"twitter:data1\" content=\"Elodie\" \/>\n\t<meta name=\"twitter:label2\" content=\"Est. reading time\" \/>\n\t<meta name=\"twitter:data2\" content=\"2 minutes\" \/>\n<script type=\"application\/ld+json\" class=\"yoast-schema-graph\">{\"@context\":\"https:\\\/\\\/schema.org\",\"@graph\":[{\"@type\":\"Article\",\"@id\":\"https:\\\/\\\/lire-ecouter-voir.com\\\/index.php\\\/2011\\\/11\\\/23\\\/grosse-faim-et-grosse-colere\\\/#article\",\"isPartOf\":{\"@id\":\"https:\\\/\\\/lire-ecouter-voir.com\\\/index.php\\\/2011\\\/11\\\/23\\\/grosse-faim-et-grosse-colere\\\/\"},\"author\":{\"name\":\"Elodie\",\"@id\":\"https:\\\/\\\/lire-ecouter-voir.com\\\/#\\\/schema\\\/person\\\/07aab8ddbfa88a4b3916aa0724d9d1e9\"},\"headline\":\"Grosse faim et grosse col\u00e8re !\",\"datePublished\":\"2011-11-23T19:59:00+00:00\",\"mainEntityOfPage\":{\"@id\":\"https:\\\/\\\/lire-ecouter-voir.com\\\/index.php\\\/2011\\\/11\\\/23\\\/grosse-faim-et-grosse-colere\\\/\"},\"wordCount\":504,\"commentCount\":0,\"image\":{\"@id\":\"https:\\\/\\\/lire-ecouter-voir.com\\\/index.php\\\/2011\\\/11\\\/23\\\/grosse-faim-et-grosse-colere\\\/#primaryimage\"},\"thumbnailUrl\":\"\",\"articleSection\":[\"Albums jeunesse\"],\"inLanguage\":\"en-US\",\"potentialAction\":[{\"@type\":\"CommentAction\",\"name\":\"Comment\",\"target\":[\"https:\\\/\\\/lire-ecouter-voir.com\\\/index.php\\\/2011\\\/11\\\/23\\\/grosse-faim-et-grosse-colere\\\/#respond\"]}]},{\"@type\":\"WebPage\",\"@id\":\"https:\\\/\\\/lire-ecouter-voir.com\\\/index.php\\\/2011\\\/11\\\/23\\\/grosse-faim-et-grosse-colere\\\/\",\"url\":\"https:\\\/\\\/lire-ecouter-voir.com\\\/index.php\\\/2011\\\/11\\\/23\\\/grosse-faim-et-grosse-colere\\\/\",\"name\":\"Grosse faim et grosse col\u00e8re ! - WordPress\",\"isPartOf\":{\"@id\":\"https:\\\/\\\/lire-ecouter-voir.com\\\/#website\"},\"primaryImageOfPage\":{\"@id\":\"https:\\\/\\\/lire-ecouter-voir.com\\\/index.php\\\/2011\\\/11\\\/23\\\/grosse-faim-et-grosse-colere\\\/#primaryimage\"},\"image\":{\"@id\":\"https:\\\/\\\/lire-ecouter-voir.com\\\/index.php\\\/2011\\\/11\\\/23\\\/grosse-faim-et-grosse-colere\\\/#primaryimage\"},\"thumbnailUrl\":\"\",\"datePublished\":\"2011-11-23T19:59:00+00:00\",\"author\":{\"@id\":\"https:\\\/\\\/lire-ecouter-voir.com\\\/#\\\/schema\\\/person\\\/07aab8ddbfa88a4b3916aa0724d9d1e9\"},\"breadcrumb\":{\"@id\":\"https:\\\/\\\/lire-ecouter-voir.com\\\/index.php\\\/2011\\\/11\\\/23\\\/grosse-faim-et-grosse-colere\\\/#breadcrumb\"},\"inLanguage\":\"en-US\",\"potentialAction\":[{\"@type\":\"ReadAction\",\"target\":[\"https:\\\/\\\/lire-ecouter-voir.com\\\/index.php\\\/2011\\\/11\\\/23\\\/grosse-faim-et-grosse-colere\\\/\"]}]},{\"@type\":\"ImageObject\",\"inLanguage\":\"en-US\",\"@id\":\"https:\\\/\\\/lire-ecouter-voir.com\\\/index.php\\\/2011\\\/11\\\/23\\\/grosse-faim-et-grosse-colere\\\/#primaryimage\",\"url\":\"\",\"contentUrl\":\"\"},{\"@type\":\"BreadcrumbList\",\"@id\":\"https:\\\/\\\/lire-ecouter-voir.com\\\/index.php\\\/2011\\\/11\\\/23\\\/grosse-faim-et-grosse-colere\\\/#breadcrumb\",\"itemListElement\":[{\"@type\":\"ListItem\",\"position\":1,\"name\":\"Accueil\",\"item\":\"https:\\\/\\\/lire-ecouter-voir.com\\\/\"},{\"@type\":\"ListItem\",\"position\":2,\"name\":\"Grosse faim et grosse col\u00e8re !\"}]},{\"@type\":\"WebSite\",\"@id\":\"https:\\\/\\\/lire-ecouter-voir.com\\\/#website\",\"url\":\"https:\\\/\\\/lire-ecouter-voir.com\\\/\",\"name\":\"WordPress\",\"description\":\"\",\"potentialAction\":[{\"@type\":\"SearchAction\",\"target\":{\"@type\":\"EntryPoint\",\"urlTemplate\":\"https:\\\/\\\/lire-ecouter-voir.com\\\/?s={search_term_string}\"},\"query-input\":{\"@type\":\"PropertyValueSpecification\",\"valueRequired\":true,\"valueName\":\"search_term_string\"}}],\"inLanguage\":\"en-US\"},{\"@type\":\"Person\",\"@id\":\"https:\\\/\\\/lire-ecouter-voir.com\\\/#\\\/schema\\\/person\\\/07aab8ddbfa88a4b3916aa0724d9d1e9\",\"name\":\"Elodie\",\"image\":{\"@type\":\"ImageObject\",\"inLanguage\":\"en-US\",\"@id\":\"https:\\\/\\\/secure.gravatar.com\\\/avatar\\\/75420ba80faed29b25c4e1f536f0fc7a8a4b19732a189db2db81a738643b1b5f?s=96&d=mm&r=g\",\"url\":\"https:\\\/\\\/secure.gravatar.com\\\/avatar\\\/75420ba80faed29b25c4e1f536f0fc7a8a4b19732a189db2db81a738643b1b5f?s=96&d=mm&r=g\",\"contentUrl\":\"https:\\\/\\\/secure.gravatar.com\\\/avatar\\\/75420ba80faed29b25c4e1f536f0fc7a8a4b19732a189db2db81a738643b1b5f?s=96&d=mm&r=g\",\"caption\":\"Elodie\"},\"sameAs\":[\"http:\\\/\\\/lire-ecouter-voir.com\"],\"url\":\"https:\\\/\\\/lire-ecouter-voir.com\\\/index.php\\\/author\\\/admin8220\\\/\"}]}<\/script>\n<!-- \/ Yoast SEO plugin. -->","yoast_head_json":{"title":"Grosse faim et grosse col\u00e8re ! - WordPress","robots":{"index":"index","follow":"follow","max-snippet":"max-snippet:-1","max-image-preview":"max-image-preview:large","max-video-preview":"max-video-preview:-1"},"canonical":"https:\/\/lire-ecouter-voir.com\/index.php\/2011\/11\/23\/grosse-faim-et-grosse-colere\/","og_locale":"en_US","og_type":"article","og_title":"Grosse faim et grosse col\u00e8re ! - WordPress","og_description":"Robert rentre fort f\u00e2ch\u00e9, pourquoi ? On ne sait pas, il a pass\u00e9 une tr\u00e8s mauvaise journ\u00e9e. Lorsque son papa lui demande de retirer ses baskets, puis \u00e0 table de manger ses \u00e9pinards, c&#8217;en est trop ! Robert r\u00e9pond \u00e0 une derni\u00e8re fois \u00e0 son p\u00e8re avant d&#8217;\u00eatre consign\u00e9 dans sa chambre. Alors, il sent monter en lui une chose plus forte que lui, une chose \u00e9norme qui le d\u00e9passe. Robert est en col\u00e8re pour la premi\u00e8re fois ! Comment va-t-il arriver \u00e0 la dompter ? Cet petit album de Mireille d&#8217;Allanc\u00e9 propose un premier regard juste et sans jugement sur cette \u00e9motion tr\u00e8s forte qui peut \u00eatre \u00e9galement tr\u00e8s violente chez l&#8217;enfant. De ses pr\u00e9mices aux diff\u00e9rents sentiments qui se m\u00ealent apr\u00e8s la col\u00e8re, cette courte histoire fait comprendre aux plus petits que cette \u00e9motion naturelle peu devenir rage et n\u00e9cessite d&#8217;\u00eatre contr\u00f4l\u00e9e. Les pastels renforcent le mouvement et l&#8217;\u00e9lan de la col\u00e8re, alors le texte court donne la rapidit\u00e9 des s\u00e9quences. Une belle r\u00e9ussite tant du point de vue de l&#8217;histoire que pour sa vertu p\u00e9dagogique ! Mireille d&#8217;Allanc\u00e9\u00a0aime &#8220;les histoires simples, puis\u00e9es dans notre quotidien le plus ordinaire.\u00a0J\u2019aime quand d\u00e9raille cet ordinaire:\u00a0je pose un grain sur les rails, assez petit pour ne pas attirer l\u2019attention, mais assez cons\u00e9quent pour que l\u2019ordinaire bascule et se d\u00e9verse autrement.&#8221; Autre univers cette fois avec P&#8217;tit Bonhomme et son papa, Pierre Delye, conteur\u00a0transfuge d&#8217;Henri Gougaudet auteur jeunesse aux \u00e9ditions Didier jeunesse et Rue du Monde. P&#8217;tit Bonhomme a une grosse faim, mais pas un sou dans sa besace ! C&#8217;est bien contrariant &#8230; Aussi sur les conseils du boulanger, il va voir le meunier pour lui demander de la farine. Mais lui non plus ne travaille pas gratuitement ! Cependant, il pourrait lui donner de la farine, si P&#8217;tit Bonhomme lui ramener des grains de bl\u00e9 &#8230; Mais le paysan ne pourra ne lui en donner que si P&#8217;tit Bonhomme lui apporte du crottin &#8230; Ainsi P&#8217;tit Bonhomme va devoir remonter tout une cha\u00eene pour enfin satisfaire sa grosse faim avec un bon pain ! Une dr\u00f4le d&#8217;histoire attachante qui montre aux enfants tous les secrets cach\u00e9s d&#8217;un bon pain et .. du travail ! Car si P&#8217;tit Bonhomme ne gagne pas de l&#8217;argent pour acqu\u00e9rir ce pain tant attendu, il doit rentrer dans un syst\u00e8me d&#8217;\u00e9change qui lui\u00a0 fera gagner son pain. Un album plein de gaiet\u00e9, de dynamisme et d&#8217;humour, non d\u00e9nu\u00e9 de po\u00e9sie et de musicalit\u00e9. Un bel album illustr\u00e9 par C\u00e9cile Hudrisier. A voir ! http:\/\/mireilledallance.com\/ http:\/\/www.ecoledesloisirs.fr http:\/\/www.clair-de-lune.net\/delye\/ http:\/\/www.didierjeunesse.com\/ http:\/\/www.ruedumonde.fr\/ Grosse col\u00e8re. Mireille d&#8217;Allanc\u00e9. Ecole des loisirs. 26 pages. 11\u20ac. ISBN : 2-211-05771-3 La grosse faim de P&#8217;tit Bonhomme Pierre Delye. C\u00e9cile Hudrisier. Editions Didier Jeunesse. 30 pages. 11,90\u20ac. ISBN : 2-278-05470-8","og_url":"https:\/\/lire-ecouter-voir.com\/index.php\/2011\/11\/23\/grosse-faim-et-grosse-colere\/","og_site_name":"WordPress","article_published_time":"2011-11-23T19:59:00+00:00","og_image":[{"url":"http:\/\/img.over-blog.com\/180x225\/1\/08\/40\/00\/BIBLIOGRAPHIES\/bib2\/GROSSE-COLERE.gif","type":"","width":"","height":""}],"author":"Elodie","twitter_card":"summary_large_image","twitter_misc":{"Written by":"Elodie","Est. reading time":"2 minutes"},"schema":{"@context":"https:\/\/schema.org","@graph":[{"@type":"Article","@id":"https:\/\/lire-ecouter-voir.com\/index.php\/2011\/11\/23\/grosse-faim-et-grosse-colere\/#article","isPartOf":{"@id":"https:\/\/lire-ecouter-voir.com\/index.php\/2011\/11\/23\/grosse-faim-et-grosse-colere\/"},"author":{"name":"Elodie","@id":"https:\/\/lire-ecouter-voir.com\/#\/schema\/person\/07aab8ddbfa88a4b3916aa0724d9d1e9"},"headline":"Grosse faim et grosse col\u00e8re !","datePublished":"2011-11-23T19:59:00+00:00","mainEntityOfPage":{"@id":"https:\/\/lire-ecouter-voir.com\/index.php\/2011\/11\/23\/grosse-faim-et-grosse-colere\/"},"wordCount":504,"commentCount":0,"image":{"@id":"https:\/\/lire-ecouter-voir.com\/index.php\/2011\/11\/23\/grosse-faim-et-grosse-colere\/#primaryimage"},"thumbnailUrl":"","articleSection":["Albums jeunesse"],"inLanguage":"en-US","potentialAction":[{"@type":"CommentAction","name":"Comment","target":["https:\/\/lire-ecouter-voir.com\/index.php\/2011\/11\/23\/grosse-faim-et-grosse-colere\/#respond"]}]},{"@type":"WebPage","@id":"https:\/\/lire-ecouter-voir.com\/index.php\/2011\/11\/23\/grosse-faim-et-grosse-colere\/","url":"https:\/\/lire-ecouter-voir.com\/index.php\/2011\/11\/23\/grosse-faim-et-grosse-colere\/","name":"Grosse faim et grosse col\u00e8re ! - WordPress","isPartOf":{"@id":"https:\/\/lire-ecouter-voir.com\/#website"},"primaryImageOfPage":{"@id":"https:\/\/lire-ecouter-voir.com\/index.php\/2011\/11\/23\/grosse-faim-et-grosse-colere\/#primaryimage"},"image":{"@id":"https:\/\/lire-ecouter-voir.com\/index.php\/2011\/11\/23\/grosse-faim-et-grosse-colere\/#primaryimage"},"thumbnailUrl":"","datePublished":"2011-11-23T19:59:00+00:00","author":{"@id":"https:\/\/lire-ecouter-voir.com\/#\/schema\/person\/07aab8ddbfa88a4b3916aa0724d9d1e9"},"breadcrumb":{"@id":"https:\/\/lire-ecouter-voir.com\/index.php\/2011\/11\/23\/grosse-faim-et-grosse-colere\/#breadcrumb"},"inLanguage":"en-US","potentialAction":[{"@type":"ReadAction","target":["https:\/\/lire-ecouter-voir.com\/index.php\/2011\/11\/23\/grosse-faim-et-grosse-colere\/"]}]},{"@type":"ImageObject","inLanguage":"en-US","@id":"https:\/\/lire-ecouter-voir.com\/index.php\/2011\/11\/23\/grosse-faim-et-grosse-colere\/#primaryimage","url":"","contentUrl":""},{"@type":"BreadcrumbList","@id":"https:\/\/lire-ecouter-voir.com\/index.php\/2011\/11\/23\/grosse-faim-et-grosse-colere\/#breadcrumb","itemListElement":[{"@type":"ListItem","position":1,"name":"Accueil","item":"https:\/\/lire-ecouter-voir.com\/"},{"@type":"ListItem","position":2,"name":"Grosse faim et grosse col\u00e8re !"}]},{"@type":"WebSite","@id":"https:\/\/lire-ecouter-voir.com\/#website","url":"https:\/\/lire-ecouter-voir.com\/","name":"WordPress","description":"","potentialAction":[{"@type":"SearchAction","target":{"@type":"EntryPoint","urlTemplate":"https:\/\/lire-ecouter-voir.com\/?s={search_term_string}"},"query-input":{"@type":"PropertyValueSpecification","valueRequired":true,"valueName":"search_term_string"}}],"inLanguage":"en-US"},{"@type":"Person","@id":"https:\/\/lire-ecouter-voir.com\/#\/schema\/person\/07aab8ddbfa88a4b3916aa0724d9d1e9","name":"Elodie","image":{"@type":"ImageObject","inLanguage":"en-US","@id":"https:\/\/secure.gravatar.com\/avatar\/75420ba80faed29b25c4e1f536f0fc7a8a4b19732a189db2db81a738643b1b5f?s=96&d=mm&r=g","url":"https:\/\/secure.gravatar.com\/avatar\/75420ba80faed29b25c4e1f536f0fc7a8a4b19732a189db2db81a738643b1b5f?s=96&d=mm&r=g","contentUrl":"https:\/\/secure.gravatar.com\/avatar\/75420ba80faed29b25c4e1f536f0fc7a8a4b19732a189db2db81a738643b1b5f?s=96&d=mm&r=g","caption":"Elodie"},"sameAs":["http:\/\/lire-ecouter-voir.com"],"url":"https:\/\/lire-ecouter-voir.com\/index.php\/author\/admin8220\/"}]}},"jetpack_publicize_connections":[],"jetpack_featured_media_url":"","jetpack_sharing_enabled":true,"_links":{"self":[{"href":"https:\/\/lire-ecouter-voir.com\/index.php\/wp-json\/wp\/v2\/posts\/904","targetHints":{"allow":["GET"]}}],"collection":[{"href":"https:\/\/lire-ecouter-voir.com\/index.php\/wp-json\/wp\/v2\/posts"}],"about":[{"href":"https:\/\/lire-ecouter-voir.com\/index.php\/wp-json\/wp\/v2\/types\/post"}],"author":[{"embeddable":true,"href":"https:\/\/lire-ecouter-voir.com\/index.php\/wp-json\/wp\/v2\/users\/1"}],"replies":[{"embeddable":true,"href":"https:\/\/lire-ecouter-voir.com\/index.php\/wp-json\/wp\/v2\/comments?post=904"}],"version-history":[{"count":0,"href":"https:\/\/lire-ecouter-voir.com\/index.php\/wp-json\/wp\/v2\/posts\/904\/revisions"}],"wp:featuredmedia":[{"embeddable":true,"href":"https:\/\/lire-ecouter-voir.com\/index.php\/wp-json\/"}],"wp:attachment":[{"href":"https:\/\/lire-ecouter-voir.com\/index.php\/wp-json\/wp\/v2\/media?parent=904"}],"wp:term":[{"taxonomy":"category","embeddable":true,"href":"https:\/\/lire-ecouter-voir.com\/index.php\/wp-json\/wp\/v2\/categories?post=904"},{"taxonomy":"post_tag","embeddable":true,"href":"https:\/\/lire-ecouter-voir.com\/index.php\/wp-json\/wp\/v2\/tags?post=904"}],"curies":[{"name":"wp","href":"https:\/\/api.w.org\/{rel}","templated":true}]}}